{"id":2838,"date":"2021-06-23T18:15:53","date_gmt":"2021-06-23T22:15:53","guid":{"rendered":"http:\/\/movilh.cl\/archivo\/?p=2838"},"modified":"2021-06-23T18:15:53","modified_gmt":"2021-06-23T22:15:53","slug":"2009-primer-texto-educativo-lgbtiq","status":"publish","type":"post","link":"http:\/\/movilh.cl\/archivo\/2009-primer-texto-educativo-lgbtiq\/","title":{"rendered":"2009 | Primer texto educativo LGBTIQ+"},"content":{"rendered":"<p><a href=\"http:\/\/movilh.cl\/archivo\/wp-content\/uploads\/2021\/06\/250-colegios-distribuiran-manual-gay-contra-bullying-Publimetro-08-Abril-de-2009-Movilh.pdf\" class=\"pdfemb-viewer\" style=\"width: 700px; \" data-width=\"700\" data-height=\"max\"  data-toolbar=\"bottom\" data-toolbar-fixed=\"off\">250 colegios distribuir\u00e1n manual gay contra bullying, Publimetro, 08 Abril de 2009 Movilh<br\/><\/a> <a href=\"http:\/\/movilh.cl\/archivo\/wp-content\/uploads\/2021\/06\/Apuntalan-derechos-de-gays-en-sala-de-clases-La-Cuarta-08-Abril-de-2009-Movilh.pdf\" class=\"pdfemb-viewer\" style=\"width: 700px; \" data-width=\"700\" data-height=\"max\"  data-toolbar=\"bottom\" data-toolbar-fixed=\"off\">Apuntalan derechos de gays en sala de clases, La Cuarta, 08 Abril de 2009 Movilh<br\/><\/a> <a href=\"http:\/\/movilh.cl\/archivo\/wp-content\/uploads\/2021\/06\/Cambian-responsables-de-educacion-sexual-en-Ministerio-La-Segunda-25-Junio-de-2009-Movilh-.pdf\" class=\"pdfemb-viewer\" style=\"width: 700px; \" data-width=\"700\" data-height=\"max\"  data-toolbar=\"bottom\" data-toolbar-fixed=\"off\">Cambian responsables de educaci\u00f3n sexual en Ministerio, La Segunda, 25 Junio de 2009 Movilh<br\/><\/a> <a href=\"http:\/\/movilh.cl\/archivo\/wp-content\/uploads\/2021\/06\/Con-manual-le-hacen-la-cruz-a-la-exclusion-y-discriminacion-sexual-La-Estrella-23-Diciembre-de-2009-Movilh-.pdf\" class=\"pdfemb-viewer\" style=\"width: 700px; \" data-width=\"700\" data-height=\"max\"  data-toolbar=\"bottom\" data-toolbar-fixed=\"off\">Con manual le hacen la cruz a la exclusi\u00f3n y discriminaci\u00f3n sexual, La Estrella, 23 Diciembre de 2009 Movilh<br\/><\/a> <a href=\"http:\/\/movilh.cl\/archivo\/wp-content\/uploads\/2021\/06\/Iglesia-rechaza-uso-de-dichos-de-sacerdote-y-Movilh-acusa-censura-La-Discusion-14-Agosto-de-2009-Movilh.pdf\" class=\"pdfemb-viewer\" style=\"width: 700px; \" data-width=\"700\" data-height=\"max\"  data-toolbar=\"bottom\" data-toolbar-fixed=\"off\">Iglesia rechaza uso de dichos de sacerdote y Movilh acusa censura, La Discusion, 14 Agosto de 2009 Movilh<br\/><\/a> <a href=\"http:\/\/movilh.cl\/archivo\/wp-content\/uploads\/2021\/06\/Iglesia-libro-aborda-homosexualidad-en-colegios-La-Tercera-12-Agosto-de-2009-Movilh.pdf\" class=\"pdfemb-viewer\" style=\"width: 700px; \" data-width=\"700\" data-height=\"max\"  data-toolbar=\"bottom\" data-toolbar-fixed=\"off\">Iglesia: libro aborda homosexualidad en colegios, La Tercera, 12 Agosto de 2009 Movilh<br\/><\/a> <a href=\"http:\/\/movilh.cl\/archivo\/wp-content\/uploads\/2021\/06\/Instructivo-del-Movilh-en-colegios-La-Tercera-24-Abril-de-2009-Movilh-.pdf\" class=\"pdfemb-viewer\" style=\"width: 700px; \" data-width=\"700\" data-height=\"max\"  data-toolbar=\"bottom\" data-toolbar-fixed=\"off\">Instructivo del Movilh en colegios, La Tercera, 24 Abril de 2009 Movilh<br\/><\/a> <a href=\"http:\/\/movilh.cl\/archivo\/wp-content\/uploads\/2021\/06\/Instructivo-del-Movilh-en-colegios-La-Tercera-25-Abril-de-2009-.pdf\" class=\"pdfemb-viewer\" style=\"width: 700px; \" data-width=\"700\" data-height=\"max\"  data-toolbar=\"bottom\" data-toolbar-fixed=\"off\">Instructivo del Movilh en colegios, La Tercera, 25 Abril de 2009<br\/><\/a> <a href=\"http:\/\/movilh.cl\/archivo\/wp-content\/uploads\/2021\/06\/Instructivo-del-Movilh-en-colegios-La-Tercera-26-Abril-de-2009-.pdf\" class=\"pdfemb-viewer\" style=\"width: 700px; \" data-width=\"700\" data-height=\"max\"  data-toolbar=\"bottom\" data-toolbar-fixed=\"off\">Instructivo del Movilh en colegios, La Tercera, 26 Abril de 2009<br\/><\/a> <a href=\"http:\/\/movilh.cl\/archivo\/wp-content\/uploads\/2021\/06\/Instructivo-del-Movilh-en-colegios-La-Tercera-27-Abril-de-2009-.pdf\" class=\"pdfemb-viewer\" style=\"width: 700px; \" data-width=\"700\" data-height=\"max\"  data-toolbar=\"bottom\" data-toolbar-fixed=\"off\">Instructivo del Movilh en colegios, La Tercera, 27 Abril de 2009<br\/><\/a> <a href=\"http:\/\/movilh.cl\/archivo\/wp-content\/uploads\/2021\/06\/Instructivo-del-Movilh-en-colegios-La-Tercera-28-Abril-de-2009-.pdf\" class=\"pdfemb-viewer\" style=\"width: 700px; \" data-width=\"700\" data-height=\"max\"  data-toolbar=\"bottom\" data-toolbar-fixed=\"off\">Instructivo del Movilh en colegios, La Tercera, 28 Abril de 2009<br\/><\/a> <a href=\"http:\/\/movilh.cl\/archivo\/wp-content\/uploads\/2021\/06\/Instructivo-del-Movilh-en-colegios-La-Tercera-30-Abril-de-2009-.pdf\" class=\"pdfemb-viewer\" style=\"width: 700px; \" data-width=\"700\" data-height=\"max\"  data-toolbar=\"bottom\" data-toolbar-fixed=\"off\">Instructivo del Movilh en colegios, La Tercera, 30 Abril de 2009<br\/><\/a> <a href=\"http:\/\/movilh.cl\/archivo\/wp-content\/uploads\/2021\/06\/Lanzaran-libro-acerca-de-la-diversidad-sexual-El-Mercurio-de-Antofagasta-20-Diciembre-de-2009-Movilh-.pdf\" class=\"pdfemb-viewer\" style=\"width: 700px; \" data-width=\"700\" data-height=\"max\"  data-toolbar=\"bottom\" data-toolbar-fixed=\"off\">Lanzar\u00e1n libro acerca de la diversidad sexual, El Mercurio de Antofagasta, 20 Diciembre de 2009 Movilh<br\/><\/a> <a href=\"http:\/\/movilh.cl\/archivo\/wp-content\/uploads\/2021\/06\/Manual-antibullying-homofobico-en-colegios-La-Nacion-08-Abril-de-2009-Movilh.pdf\" class=\"pdfemb-viewer\" style=\"width: 700px; \" data-width=\"700\" data-height=\"max\"  data-toolbar=\"bottom\" data-toolbar-fixed=\"off\">Manual antibullying homof\u00f3bico en colegios, La Nacion, 08 Abril de 2009 Movilh<br\/><\/a> <a href=\"http:\/\/movilh.cl\/archivo\/wp-content\/uploads\/2021\/06\/Ministerio-de-Educacion-afirma-que-manuales-de-sexualidad-del-Movilh-22son-bienvenidos22-El-Mercurio-28-Abril-de-2009-.pdf\" class=\"pdfemb-viewer\" style=\"width: 700px; \" data-width=\"700\" data-height=\"max\"  data-toolbar=\"bottom\" data-toolbar-fixed=\"off\">Ministerio de Educaci\u00f3n afirma que manuales de sexualidad del Movilh son bienvenidos, El Mercurio, 28 Abril de 2009<br\/><\/a> <a href=\"http:\/\/movilh.cl\/archivo\/wp-content\/uploads\/2021\/06\/Movilh-vs.-Iglesia-por-manuales-La-Nacion-13-Agosto-de-2009-Movilh.pdf\" class=\"pdfemb-viewer\" style=\"width: 700px; \" data-width=\"700\" data-height=\"max\"  data-toolbar=\"bottom\" data-toolbar-fixed=\"off\">Movilh vs. Iglesia por manuales, La Nacion, 13 Agosto de 2009 Movilh<br\/><\/a> <a href=\"http:\/\/movilh.cl\/archivo\/wp-content\/uploads\/2021\/06\/Movimiento-Movilh-presenta-libro-El-Dia-08-Agosto-de-2009-Movilh-.pdf\" class=\"pdfemb-viewer\" style=\"width: 700px; \" data-width=\"700\" data-height=\"max\"  data-toolbar=\"bottom\" data-toolbar-fixed=\"off\">Movimiento Movilh presenta libro, El D\u00eda, 08 Agosto de 2009 Movilh<br\/><\/a> <a href=\"http:\/\/movilh.cl\/archivo\/wp-content\/uploads\/2021\/06\/Remezon-en-area-de-sexualidad-de-Mineduc-El-Mercurio-26-Junio-de-2009-Movilh.pdf\" class=\"pdfemb-viewer\" style=\"width: 700px; \" data-width=\"700\" data-height=\"max\"  data-toolbar=\"bottom\" data-toolbar-fixed=\"off\">Remez\u00f3n en \u00e1rea de sexualidad de Mineduc, El Mercurio, 26 Junio de 2009 Movilh<br\/><\/a> <a href=\"http:\/\/movilh.cl\/archivo\/wp-content\/uploads\/2021\/06\/Sacerdote-recibe-apoyo-academico-tras-polemica-La-Discusion-15-Agosto-de-2009.Movilh.pdf\" class=\"pdfemb-viewer\" style=\"width: 700px; \" data-width=\"700\" data-height=\"max\"  data-toolbar=\"bottom\" data-toolbar-fixed=\"off\">Sacerdote recibe apoyo acad\u00e9mico tras pol\u00e9mica, La Discusion, 15 Agosto de 2009.Movilh<br\/><\/a> <a href=\"http:\/\/movilh.cl\/archivo\/wp-content\/uploads\/2021\/06\/Sacerdote-respalda-al-Movilh-La-Nacion-15-Julio-de-2009-Movilh-.pdf\" class=\"pdfemb-viewer\" style=\"width: 700px; \" data-width=\"700\" data-height=\"max\"  data-toolbar=\"bottom\" data-toolbar-fixed=\"off\">Sacerdote respalda al Movilh, La Nacion, 15 Julio de 2009 Movilh<br\/><\/a> <a href=\"http:\/\/movilh.cl\/archivo\/wp-content\/uploads\/2021\/06\/Sobre-manuales-homosexualidad-y-cegueras-varias-La-Nacion-13-Julio-de-2009-Movilh.pdf\" class=\"pdfemb-viewer\" style=\"width: 700px; \" data-width=\"700\" data-height=\"max\"  data-toolbar=\"bottom\" data-toolbar-fixed=\"off\">Sobre manuales, homosexualidad y cegueras varias, La Nacion, 13 Julio de 2009 Movilh<br\/><\/a><\/p>\n","protected":false},"excerpt":{"rendered":"250 colegios distribuir\u00e1n manual gay contra bullying, Publimetro, 08 Abril de 2009 Movilh Apuntalan derechos de gays en sala de clases, La Cuarta, 08 Abril de 2009 Movilh Cambian responsables de educaci\u00f3n sexual en Ministerio, La Segunda, 25 Junio de 2009 Movilh Con manual le hacen la cruz a la exclusi\u00f3n y discriminaci\u00f3n sexual, La...","protected":false},"author":1,"featured_media":0,"comment_status":"closed","ping_status":"closed","sticky":false,"template":"","format":"standard","meta":{"footnotes":""},"categories":[334,332,374,402],"tags":[],"class_list":["post-2838","post","type-post","status-publish","format-standard","hentry","category-1991-2011","category-332","category-creaciones-o-eventos-pro-lgtbi","category-primer-texto-educativo-lgbtiq"],"_links":{"self":[{"href":"http:\/\/movilh.cl\/archivo\/wp-json\/wp\/v2\/posts\/2838","targetHints":{"allow":["GET"]}}],"collection":[{"href":"http:\/\/movilh.cl\/archivo\/wp-json\/wp\/v2\/posts"}],"about":[{"href":"http:\/\/movilh.cl\/archivo\/wp-json\/wp\/v2\/types\/post"}],"author":[{"embeddable":true,"href":"http:\/\/movilh.cl\/archivo\/wp-json\/wp\/v2\/users\/1"}],"replies":[{"embeddable":true,"href":"http:\/\/movilh.cl\/archivo\/wp-json\/wp\/v2\/comments?post=2838"}],"version-history":[{"count":1,"href":"http:\/\/movilh.cl\/archivo\/wp-json\/wp\/v2\/posts\/2838\/revisions"}],"predecessor-version":[{"id":2860,"href":"http:\/\/movilh.cl\/archivo\/wp-json\/wp\/v2\/posts\/2838\/revisions\/2860"}],"wp:attachment":[{"href":"http:\/\/movilh.cl\/archivo\/wp-json\/wp\/v2\/media?parent=2838"}],"wp:term":[{"taxonomy":"category","embeddable":true,"href":"http:\/\/movilh.cl\/archivo\/wp-json\/wp\/v2\/categories?post=2838"},{"taxonomy":"post_tag","embeddable":true,"href":"http:\/\/movilh.cl\/archivo\/wp-json\/wp\/v2\/tags?post=2838"}],"curies":[{"name":"wp","href":"https:\/\/api.w.org\/{rel}","templated":true}]}}