{"id":3040,"date":"2021-06-24T13:13:31","date_gmt":"2021-06-24T17:13:31","guid":{"rendered":"http:\/\/movilh.cl\/archivo\/?p=3040"},"modified":"2021-06-24T13:13:31","modified_gmt":"2021-06-24T17:13:31","slug":"2009-informes-de-ddhh","status":"publish","type":"post","link":"http:\/\/movilh.cl\/archivo\/2009-informes-de-ddhh\/","title":{"rendered":"2009 | Informes de DDHH"},"content":{"rendered":"<p><a href=\"http:\/\/movilh.cl\/archivo\/wp-content\/uploads\/2021\/06\/22Los-homoesexuales-se-pasan-rollos22-La-Cuarta-06-Febrero-de-2009-Movilh.pdf\" class=\"pdfemb-viewer\" style=\"width: 700px; \" data-width=\"700\" data-height=\"max\"  data-toolbar=\"bottom\" data-toolbar-fixed=\"off\">Los homoesexuales se pasan rollos La Cuarta, 06 Febrero de 2009 Movilh<br\/><\/a> <a href=\"http:\/\/movilh.cl\/archivo\/wp-content\/uploads\/2021\/06\/22Supremos22-encabezan-el-ranking-de-homofobia-creado-por-el-Movilh-La-Cuarta-04-Febrero-de-2009-Movilh.pdf\" class=\"pdfemb-viewer\" style=\"width: 700px; \" data-width=\"700\" data-height=\"max\"  data-toolbar=\"bottom\" data-toolbar-fixed=\"off\">Supremos encabezan el ranking de homofobia creado por el Movilh, La Cuarta, 04 Febrero de 2009 Movilh<br\/><\/a> <a href=\"http:\/\/movilh.cl\/archivo\/wp-content\/uploads\/2021\/06\/Corte-Suprema-04-02-09-Movilh.pdf\" class=\"pdfemb-viewer\" style=\"width: 700px; \" data-width=\"700\" data-height=\"max\"  data-toolbar=\"bottom\" data-toolbar-fixed=\"off\">Corte Suprema 04-02-09-Movilh<br\/><\/a> <a href=\"http:\/\/movilh.cl\/archivo\/wp-content\/uploads\/2021\/06\/Discriminacion-contra-homosexuales-sigue-al-alza-La-Hora-04-Febrero-de-2009-Movilh.pdf\" class=\"pdfemb-viewer\" style=\"width: 700px; \" data-width=\"700\" data-height=\"max\"  data-toolbar=\"bottom\" data-toolbar-fixed=\"off\">Discriminaci\u00f3n contra homosexuales sigue al alza, La Hora, 04 Febrero de 2009 Movilh<br\/><\/a> <a href=\"http:\/\/movilh.cl\/archivo\/wp-content\/uploads\/2021\/06\/Motel-porteno-figura-en-el-ranking-de-los-mas-homofobicos-La-Estrella-04-Febrero-de-2009-Movilh.pdf\" class=\"pdfemb-viewer\" style=\"width: 700px; \" data-width=\"700\" data-height=\"max\"  data-toolbar=\"bottom\" data-toolbar-fixed=\"off\">Motel porte\u00f1o figura en el ranking de los m\u00e1s homofobicos, La Estrella, 04 Febrero de 2009 Movilh<br\/><\/a> <a href=\"http:\/\/movilh.cl\/archivo\/wp-content\/uploads\/2021\/06\/Ranking-de-minorias-sexuales-califica-a-la-Corte-Suprema-como-homofobica-La-Nacion-04-Febrero-de-2009-.pdf\" class=\"pdfemb-viewer\" style=\"width: 700px; \" data-width=\"700\" data-height=\"max\"  data-toolbar=\"bottom\" data-toolbar-fixed=\"off\">Ranking de minor\u00edas sexuales califica a la Corte Suprema como homof\u00f3bica, La Nacion, 04 Febrero de 2009<br\/><\/a><\/p>\n","protected":false},"excerpt":{"rendered":"Los homoesexuales se pasan rollos La Cuarta, 06 Febrero de 2009 Movilh Supremos encabezan el ranking de homofobia creado por el Movilh, La Cuarta, 04 Febrero de 2009 Movilh Corte Suprema 04-02-09-Movilh Discriminaci\u00f3n contra homosexuales sigue al alza, La Hora, 04 Febrero de 2009 Movilh Motel porte\u00f1o figura en el ranking de los m\u00e1s homofobicos,...","protected":false},"author":1,"featured_media":0,"comment_status":"closed","ping_status":"closed","sticky":false,"template":"","format":"standard","meta":{"footnotes":""},"categories":[334,332,408,409],"tags":[],"class_list":["post-3040","post","type-post","status-publish","format-standard","hentry","category-1991-2011","category-332","category-estudios","category-informes-de-ddhh"],"_links":{"self":[{"href":"http:\/\/movilh.cl\/archivo\/wp-json\/wp\/v2\/posts\/3040","targetHints":{"allow":["GET"]}}],"collection":[{"href":"http:\/\/movilh.cl\/archivo\/wp-json\/wp\/v2\/posts"}],"about":[{"href":"http:\/\/movilh.cl\/archivo\/wp-json\/wp\/v2\/types\/post"}],"author":[{"embeddable":true,"href":"http:\/\/movilh.cl\/archivo\/wp-json\/wp\/v2\/users\/1"}],"replies":[{"embeddable":true,"href":"http:\/\/movilh.cl\/archivo\/wp-json\/wp\/v2\/comments?post=3040"}],"version-history":[{"count":1,"href":"http:\/\/movilh.cl\/archivo\/wp-json\/wp\/v2\/posts\/3040\/revisions"}],"predecessor-version":[{"id":3047,"href":"http:\/\/movilh.cl\/archivo\/wp-json\/wp\/v2\/posts\/3040\/revisions\/3047"}],"wp:attachment":[{"href":"http:\/\/movilh.cl\/archivo\/wp-json\/wp\/v2\/media?parent=3040"}],"wp:term":[{"taxonomy":"category","embeddable":true,"href":"http:\/\/movilh.cl\/archivo\/wp-json\/wp\/v2\/categories?post=3040"},{"taxonomy":"post_tag","embeddable":true,"href":"http:\/\/movilh.cl\/archivo\/wp-json\/wp\/v2\/tags?post=3040"}],"curies":[{"name":"wp","href":"https:\/\/api.w.org\/{rel}","templated":true}]}}